{"id":861,"date":"2019-08-02T17:17:20","date_gmt":"2019-08-02T15:17:20","guid":{"rendered":"https:\/\/www.n-ice.net\/?p=861"},"modified":"2023-09-30T19:46:41","modified_gmt":"2023-09-30T17:46:41","slug":"n-ice-presente-en-el-open-day-de-la-fundacion-cruyff","status":"publish","type":"post","link":"https:\/\/www.n-ice.net\/en\/n-ice-presente-en-el-open-day-de-la-fundacion-cruyff\/","title":{"rendered":"N-ice presente en el Open Day de la Fundaci\u00f3n Cruyff"},"content":{"rendered":"\t\t<div data-elementor-type=\"wp-post\" data-elementor-id=\"861\" class=\"elementor elementor-861\" data-elementor-post-type=\"post\">\n\t\t\t\t\t\t<section class=\"elementor-section elementor-top-section elementor-element elementor-element-bb16f9a elementor-section-boxed elementor-section-height-default elementor-section-height-default parallax_section_no qode_elementor_container_no\" data-id=\"bb16f9a\" data-element_type=\"section\" data-e-type=\"section\">\n\t\t\t\t\t\t<div class=\"elementor-container elementor-column-gap-default\">\n\t\t\t\t\t<div class=\"elementor-column elementor-col-100 elementor-top-column elementor-element elementor-element-62278bc6\" data-id=\"62278bc6\" data-element_type=\"column\" data-e-type=\"column\">\n\t\t\t<div class=\"elementor-widget-wrap elementor-element-populated\">\n\t\t\t\t\t\t<div class=\"elementor-element elementor-element-6611c43 elementor-widget elementor-widget-text-editor\" data-id=\"6611c43\" data-element_type=\"widget\" data-e-type=\"widget\" data-widget_type=\"text-editor.default\">\n\t\t\t\t\t\t\t\t\t<p>El pasado <strong>7 de junio<\/strong> tuvo lugar el <strong>Open Day Cruyff Foundation<\/strong>, la jornada deportiva por excelencia de la Fundaci\u00f3n. Cientos de ni\u00f1os con discapacidad disfrutaron un a\u00f1o m\u00e1s de una ma\u00f1ana de deporte. El estadio del <strong>CEM La Mar Bella<\/strong> se convirti\u00f3 en un para\u00edso deportivo, un lugar donde probar diferentes disciplinas deportivas y descubrir la que mejor se adaptaba a sus capacidades. El objetivo: motivar a todos estos ni\u00f1os a practicar deporte.<\/p><p style=\"text-align: justify;\">En <strong>N-ice Skating<\/strong> apostamos por la eliminaci\u00f3n de todo tipo de barreras y no dudamos ni un momento en participar en un evento de estas caracter\u00edsticas. Montamos para el evento una pista de hielo sint\u00e9tico que hizo las delicias de ni\u00f1os y no tan ni\u00f1os\u2026. Todos ellos tuvieron oportunidad de ponerse unos patines y dejarse llevar en una jornada tan especial. Sus sonrisas lo dec\u00edan todo.<\/p><p style=\"text-align: justify;\">Un honor formar parte de un d\u00eda tan especial con un fondo tan bonito.<\/p><p>Desde <strong>N-ice Skating<\/strong> felicitar a la <strong>Fundaci\u00f3n Cruyff<\/strong> por la gran labor que d\u00eda a d\u00eda llevan a cabo en favor de la igualdad de oportunidades.<\/p><h3 style=\"text-align: center;\">\u00a1A por el siguiente Open Day!<\/h3><p><\/p>\t\t\t\t\t\t\t\t<\/div>\n\t\t\t\t<div class=\"elementor-element elementor-element-915d049 elementor-widget elementor-widget-gallery\" data-id=\"915d049\" data-element_type=\"widget\" data-e-type=\"widget\" data-settings=\"{&quot;columns&quot;:2,&quot;columns_tablet&quot;:1,&quot;gap&quot;:{&quot;unit&quot;:&quot;px&quot;,&quot;size&quot;:4,&quot;sizes&quot;:[]},&quot;lazyload&quot;:&quot;yes&quot;,&quot;gallery_layout&quot;:&quot;grid&quot;,&quot;columns_mobile&quot;:1,&quot;gap_tablet&quot;:{&quot;unit&quot;:&quot;px&quot;,&quot;size&quot;:10,&quot;sizes&quot;:[]},&quot;gap_mobile&quot;:{&quot;unit&quot;:&quot;px&quot;,&quot;size&quot;:10,&quot;sizes&quot;:[]},&quot;link_to&quot;:&quot;file&quot;,&quot;aspect_ratio&quot;:&quot;3:2&quot;,&quot;overlay_background&quot;:&quot;yes&quot;,&quot;content_hover_animation&quot;:&quot;fade-in&quot;}\" data-widget_type=\"gallery.default\">\n\t\t\t\t\t\t\t<div class=\"elementor-gallery__container\">\n\t\t\t\t\t\t\t<a class=\"e-gallery-item elementor-gallery-item elementor-animated-content\" href=\"https:\/\/www.n-ice.net\/wp-content\/uploads\/2023\/09\/N-ice-Pistes-de-gel-Blog-N-ice-present-a-lOpen-Day-de-la-Fundacio-Cruyff-07.jpg\" data-elementor-open-lightbox=\"yes\" data-elementor-lightbox-slideshow=\"915d049\" data-elementor-lightbox-title=\"N-Ice - Real and synthetic ice tracks - Blog - N-ice present at the Open Day of the Cruyff Foundation\" data-e-action-hash=\"#elementor-action%3Aaction%3Dlightbox%26settings%3DeyJpZCI6MjE3MywidXJsIjoiaHR0cHM6XC9cL3d3dy5uLWljZS5uZXRcL3dwLWNvbnRlbnRcL3VwbG9hZHNcLzIwMjNcLzA5XC9OLWljZS1QaXN0ZXMtZGUtZ2VsLUJsb2ctTi1pY2UtcHJlc2VudC1hLWxPcGVuLURheS1kZS1sYS1GdW5kYWNpby1DcnV5ZmYtMDcuanBnIiwic2xpZGVzaG93IjoiOTE1ZDA0OSJ9\">\n\t\t\t\t\t<div class=\"e-gallery-image elementor-gallery-item__image\" data-thumbnail=\"https:\/\/www.n-ice.net\/wp-content\/uploads\/2023\/09\/N-ice-Pistes-de-gel-Blog-N-ice-present-a-lOpen-Day-de-la-Fundacio-Cruyff-07.jpg\" data-width=\"900\" data-height=\"437\" aria-label=\"N-Ice - Pistas de hielo real y sint\u00e9tico - Blog - N-ice presente en el Open Day de la Fundaci\u00f3n Cruyff\" role=\"img\" ><\/div>\n\t\t\t\t\t\t\t\t\t\t\t<div class=\"elementor-gallery-item__overlay\"><\/div>\n\t\t\t\t\t\t\t\t\t\t\t\t\t\t<\/a>\n\t\t\t\t\t\t\t<a class=\"e-gallery-item elementor-gallery-item elementor-animated-content\" href=\"https:\/\/www.n-ice.net\/wp-content\/uploads\/2023\/09\/N-ice-Pistes-de-gel-Blog-N-ice-present-a-lOpen-Day-de-la-Fundacio-Cruyff-04.jpg\" data-elementor-open-lightbox=\"yes\" data-elementor-lightbox-slideshow=\"915d049\" data-elementor-lightbox-title=\"N-Ice - Real and synthetic ice tracks - Blog - N-ice present at the Open Day of the Cruyff Foundation\" data-e-action-hash=\"#elementor-action%3Aaction%3Dlightbox%26settings%3DeyJpZCI6MjE3NiwidXJsIjoiaHR0cHM6XC9cL3d3dy5uLWljZS5uZXRcL3dwLWNvbnRlbnRcL3VwbG9hZHNcLzIwMjNcLzA5XC9OLWljZS1QaXN0ZXMtZGUtZ2VsLUJsb2ctTi1pY2UtcHJlc2VudC1hLWxPcGVuLURheS1kZS1sYS1GdW5kYWNpby1DcnV5ZmYtMDQuanBnIiwic2xpZGVzaG93IjoiOTE1ZDA0OSJ9\">\n\t\t\t\t\t<div class=\"e-gallery-image elementor-gallery-item__image\" data-thumbnail=\"https:\/\/www.n-ice.net\/wp-content\/uploads\/2023\/09\/N-ice-Pistes-de-gel-Blog-N-ice-present-a-lOpen-Day-de-la-Fundacio-Cruyff-04.jpg\" data-width=\"900\" data-height=\"437\" aria-label=\"N-Ice - Pistas de hielo real y sint\u00e9tico - Blog - N-ice presente en el Open Day de la Fundaci\u00f3n Cruyff\" role=\"img\" ><\/div>\n\t\t\t\t\t\t\t\t\t\t\t<div class=\"elementor-gallery-item__overlay\"><\/div>\n\t\t\t\t\t\t\t\t\t\t\t\t\t\t<\/a>\n\t\t\t\t\t\t\t<a class=\"e-gallery-item elementor-gallery-item elementor-animated-content\" href=\"https:\/\/www.n-ice.net\/wp-content\/uploads\/2023\/09\/N-ice-Pistes-de-gel-Blog-N-ice-present-a-lOpen-Day-de-la-Fundacio-Cruyff-08.jpg\" data-elementor-open-lightbox=\"yes\" data-elementor-lightbox-slideshow=\"915d049\" data-elementor-lightbox-title=\"N-Ice - Real and synthetic ice tracks - Blog - N-ice present at the Open Day of the Cruyff Foundation\" data-e-action-hash=\"#elementor-action%3Aaction%3Dlightbox%26settings%3DeyJpZCI6MjE3MiwidXJsIjoiaHR0cHM6XC9cL3d3dy5uLWljZS5uZXRcL3dwLWNvbnRlbnRcL3VwbG9hZHNcLzIwMjNcLzA5XC9OLWljZS1QaXN0ZXMtZGUtZ2VsLUJsb2ctTi1pY2UtcHJlc2VudC1hLWxPcGVuLURheS1kZS1sYS1GdW5kYWNpby1DcnV5ZmYtMDguanBnIiwic2xpZGVzaG93IjoiOTE1ZDA0OSJ9\">\n\t\t\t\t\t<div class=\"e-gallery-image elementor-gallery-item__image\" data-thumbnail=\"https:\/\/www.n-ice.net\/wp-content\/uploads\/2023\/09\/N-ice-Pistes-de-gel-Blog-N-ice-present-a-lOpen-Day-de-la-Fundacio-Cruyff-08.jpg\" data-width=\"900\" data-height=\"437\" aria-label=\"N-Ice - Pistas de hielo real y sint\u00e9tico - Blog - N-ice presente en el Open Day de la Fundaci\u00f3n Cruyff\" role=\"img\" ><\/div>\n\t\t\t\t\t\t\t\t\t\t\t<div class=\"elementor-gallery-item__overlay\"><\/div>\n\t\t\t\t\t\t\t\t\t\t\t\t\t\t<\/a>\n\t\t\t\t\t\t\t<a class=\"e-gallery-item elementor-gallery-item elementor-animated-content\" href=\"https:\/\/www.n-ice.net\/wp-content\/uploads\/2023\/09\/N-ice-Pistes-de-gel-Blog-N-ice-present-a-lOpen-Day-de-la-Fundacio-Cruyff-03.jpg\" data-elementor-open-lightbox=\"yes\" data-elementor-lightbox-slideshow=\"915d049\" data-elementor-lightbox-title=\"N-Ice - Real and synthetic ice tracks - Blog - N-ice present at the Open Day of the Cruyff Foundation\" data-e-action-hash=\"#elementor-action%3Aaction%3Dlightbox%26settings%3DeyJpZCI6MjE3NywidXJsIjoiaHR0cHM6XC9cL3d3dy5uLWljZS5uZXRcL3dwLWNvbnRlbnRcL3VwbG9hZHNcLzIwMjNcLzA5XC9OLWljZS1QaXN0ZXMtZGUtZ2VsLUJsb2ctTi1pY2UtcHJlc2VudC1hLWxPcGVuLURheS1kZS1sYS1GdW5kYWNpby1DcnV5ZmYtMDMuanBnIiwic2xpZGVzaG93IjoiOTE1ZDA0OSJ9\">\n\t\t\t\t\t<div class=\"e-gallery-image elementor-gallery-item__image\" data-thumbnail=\"https:\/\/www.n-ice.net\/wp-content\/uploads\/2023\/09\/N-ice-Pistes-de-gel-Blog-N-ice-present-a-lOpen-Day-de-la-Fundacio-Cruyff-03.jpg\" data-width=\"900\" data-height=\"437\" aria-label=\"N-Ice - Pistas de hielo real y sint\u00e9tico - Blog - N-ice presente en el Open Day de la Fundaci\u00f3n Cruyff\" role=\"img\" ><\/div>\n\t\t\t\t\t\t\t\t\t\t\t<div class=\"elementor-gallery-item__overlay\"><\/div>\n\t\t\t\t\t\t\t\t\t\t\t\t\t\t<\/a>\n\t\t\t\t\t\t\t<a class=\"e-gallery-item elementor-gallery-item elementor-animated-content\" href=\"https:\/\/www.n-ice.net\/wp-content\/uploads\/2023\/09\/N-ice-Pistes-de-gel-Blog-N-ice-present-a-lOpen-Day-de-la-Fundacio-Cruyff-06.jpg\" data-elementor-open-lightbox=\"yes\" data-elementor-lightbox-slideshow=\"915d049\" data-elementor-lightbox-title=\"N-Ice - Real and synthetic ice tracks - Blog - N-ice present at the Open Day of the Cruyff Foundation\" data-e-action-hash=\"#elementor-action%3Aaction%3Dlightbox%26settings%3DeyJpZCI6MjE3NCwidXJsIjoiaHR0cHM6XC9cL3d3dy5uLWljZS5uZXRcL3dwLWNvbnRlbnRcL3VwbG9hZHNcLzIwMjNcLzA5XC9OLWljZS1QaXN0ZXMtZGUtZ2VsLUJsb2ctTi1pY2UtcHJlc2VudC1hLWxPcGVuLURheS1kZS1sYS1GdW5kYWNpby1DcnV5ZmYtMDYuanBnIiwic2xpZGVzaG93IjoiOTE1ZDA0OSJ9\">\n\t\t\t\t\t<div class=\"e-gallery-image elementor-gallery-item__image\" data-thumbnail=\"https:\/\/www.n-ice.net\/wp-content\/uploads\/2023\/09\/N-ice-Pistes-de-gel-Blog-N-ice-present-a-lOpen-Day-de-la-Fundacio-Cruyff-06.jpg\" data-width=\"900\" data-height=\"437\" aria-label=\"N-Ice - Pistas de hielo real y sint\u00e9tico - Blog - N-ice presente en el Open Day de la Fundaci\u00f3n Cruyff\" role=\"img\" ><\/div>\n\t\t\t\t\t\t\t\t\t\t\t<div class=\"elementor-gallery-item__overlay\"><\/div>\n\t\t\t\t\t\t\t\t\t\t\t\t\t\t<\/a>\n\t\t\t\t\t\t\t<a class=\"e-gallery-item elementor-gallery-item elementor-animated-content\" href=\"https:\/\/www.n-ice.net\/wp-content\/uploads\/2023\/09\/N-ice-Pistes-de-gel-Blog-N-ice-present-a-lOpen-Day-de-la-Fundacio-Cruyff-02.jpg\" data-elementor-open-lightbox=\"yes\" data-elementor-lightbox-slideshow=\"915d049\" data-elementor-lightbox-title=\"N-Ice - Real and synthetic ice tracks - Blog - N-ice present at the Open Day of the Cruyff Foundation\" data-e-action-hash=\"#elementor-action%3Aaction%3Dlightbox%26settings%3DeyJpZCI6MjE3OCwidXJsIjoiaHR0cHM6XC9cL3d3dy5uLWljZS5uZXRcL3dwLWNvbnRlbnRcL3VwbG9hZHNcLzIwMjNcLzA5XC9OLWljZS1QaXN0ZXMtZGUtZ2VsLUJsb2ctTi1pY2UtcHJlc2VudC1hLWxPcGVuLURheS1kZS1sYS1GdW5kYWNpby1DcnV5ZmYtMDIuanBnIiwic2xpZGVzaG93IjoiOTE1ZDA0OSJ9\">\n\t\t\t\t\t<div class=\"e-gallery-image elementor-gallery-item__image\" data-thumbnail=\"https:\/\/www.n-ice.net\/wp-content\/uploads\/2023\/09\/N-ice-Pistes-de-gel-Blog-N-ice-present-a-lOpen-Day-de-la-Fundacio-Cruyff-02.jpg\" data-width=\"900\" data-height=\"437\" aria-label=\"N-Ice - Pistas de hielo real y sint\u00e9tico - Blog - N-ice presente en el Open Day de la Fundaci\u00f3n Cruyff\" role=\"img\" ><\/div>\n\t\t\t\t\t\t\t\t\t\t\t<div class=\"elementor-gallery-item__overlay\"><\/div>\n\t\t\t\t\t\t\t\t\t\t\t\t\t\t<\/a>\n\t\t\t\t\t\t\t<a class=\"e-gallery-item elementor-gallery-item elementor-animated-content\" href=\"https:\/\/www.n-ice.net\/wp-content\/uploads\/2023\/09\/N-ice-Pistes-de-gel-Blog-N-ice-present-a-lOpen-Day-de-la-Fundacio-Cruyff-05.jpg\" data-elementor-open-lightbox=\"yes\" data-elementor-lightbox-slideshow=\"915d049\" data-elementor-lightbox-title=\"N-Ice - Real and synthetic ice tracks - Blog - N-ice present at the Open Day of the Cruyff Foundation\" data-e-action-hash=\"#elementor-action%3Aaction%3Dlightbox%26settings%3DeyJpZCI6MjE3NSwidXJsIjoiaHR0cHM6XC9cL3d3dy5uLWljZS5uZXRcL3dwLWNvbnRlbnRcL3VwbG9hZHNcLzIwMjNcLzA5XC9OLWljZS1QaXN0ZXMtZGUtZ2VsLUJsb2ctTi1pY2UtcHJlc2VudC1hLWxPcGVuLURheS1kZS1sYS1GdW5kYWNpby1DcnV5ZmYtMDUuanBnIiwic2xpZGVzaG93IjoiOTE1ZDA0OSJ9\">\n\t\t\t\t\t<div class=\"e-gallery-image elementor-gallery-item__image\" data-thumbnail=\"https:\/\/www.n-ice.net\/wp-content\/uploads\/2023\/09\/N-ice-Pistes-de-gel-Blog-N-ice-present-a-lOpen-Day-de-la-Fundacio-Cruyff-05.jpg\" data-width=\"900\" data-height=\"437\" aria-label=\"N-Ice - Pistas de hielo real y sint\u00e9tico - Blog - N-ice presente en el Open Day de la Fundaci\u00f3n Cruyff\" role=\"img\" ><\/div>\n\t\t\t\t\t\t\t\t\t\t\t<div class=\"elementor-gallery-item__overlay\"><\/div>\n\t\t\t\t\t\t\t\t\t\t\t\t\t\t<\/a>\n\t\t\t\t\t\t\t<a class=\"e-gallery-item elementor-gallery-item elementor-animated-content\" href=\"https:\/\/www.n-ice.net\/wp-content\/uploads\/2023\/09\/N-ice-Pistes-de-gel-Blog-N-ice-present-a-lOpen-Day-de-la-Fundacio-Cruyff-01.jpg\" data-elementor-open-lightbox=\"yes\" data-elementor-lightbox-slideshow=\"915d049\" data-elementor-lightbox-title=\"N-Ice - Real and synthetic ice tracks - Blog - N-ice present at the Open Day of the Cruyff Foundation\" data-e-action-hash=\"#elementor-action%3Aaction%3Dlightbox%26settings%3DeyJpZCI6MjE3OSwidXJsIjoiaHR0cHM6XC9cL3d3dy5uLWljZS5uZXRcL3dwLWNvbnRlbnRcL3VwbG9hZHNcLzIwMjNcLzA5XC9OLWljZS1QaXN0ZXMtZGUtZ2VsLUJsb2ctTi1pY2UtcHJlc2VudC1hLWxPcGVuLURheS1kZS1sYS1GdW5kYWNpby1DcnV5ZmYtMDEuanBnIiwic2xpZGVzaG93IjoiOTE1ZDA0OSJ9\">\n\t\t\t\t\t<div class=\"e-gallery-image elementor-gallery-item__image\" data-thumbnail=\"https:\/\/www.n-ice.net\/wp-content\/uploads\/2023\/09\/N-ice-Pistes-de-gel-Blog-N-ice-present-a-lOpen-Day-de-la-Fundacio-Cruyff-01.jpg\" data-width=\"900\" data-height=\"437\" aria-label=\"N-Ice - Pistas de hielo real y sint\u00e9tico - Blog - N-ice presente en el Open Day de la Fundaci\u00f3n Cruyff\" role=\"img\" ><\/div>\n\t\t\t\t\t\t\t\t\t\t\t<div class=\"elementor-gallery-item__overlay\"><\/div>\n\t\t\t\t\t\t\t\t\t\t\t\t\t\t<\/a>\n\t\t\t\t\t<\/div>\n\t\t\t\t\t<\/div>\n\t\t\t\t\t<\/div>\n\t\t<\/div>\n\t\t\t\t\t<\/div>\n\t\t<\/section>\n\t\t\t\t<\/div>\n\t\t","protected":false},"excerpt":{"rendered":"<p style=\"text-align: justify;\">El pasado <strong>7 de junio<\/strong> tuvo lugar el <strong>Open Day Cruyff Foundation<\/strong>, la jornada deportiva por excelencia de la Fundaci\u00f3n. Cientos de ni\u00f1os con discapacidad disfrutaron un a\u00f1o m\u00e1s de una ma\u00f1ana de deporte.<\/p>\n","protected":false},"author":1,"featured_media":2165,"comment_status":"closed","ping_status":"closed","sticky":false,"template":"","format":"standard","meta":{"rs_blank_template":"","rs_page_bg_color":"","slide_template_v7":"","footnotes":""},"categories":[1],"tags":[],"class_list":["post-861","post","type-post","status-publish","format-standard","has-post-thumbnail","hentry","category-blog"],"yoast_head":"<!-- This site is optimized with the Yoast SEO plugin v27.4 - https:\/\/yoast.com\/product\/yoast-seo-wordpress\/ -->\n<title>N-ice presente en el Open Day de la Fundaci\u00f3n Cruyff - N-ice Skating<\/title>\n<meta name=\"description\" content=\"{:es}El pasado 7 de junio tuvo lugar el Open Day Cruyff Foundation. Cientos de ni\u00f1os con discapacidad disfrutaron un a\u00f1o m\u00e1s de una ma\u00f1ana de deporte.{:}\" \/>\n<meta name=\"robots\" content=\"index, follow, max-snippet:-1, max-image-preview:large, max-video-preview:-1\" \/>\n<link rel=\"canonical\" href=\"https:\/\/www.n-ice.net\/n-ice-presente-en-el-open-day-de-la-fundacion-cruyff\/\" \/>\n<meta property=\"og:locale\" content=\"en_US\" \/>\n<meta property=\"og:type\" content=\"article\" \/>\n<meta property=\"og:title\" content=\"[:es]N-ice presente en el Open Day de la Fundaci\u00f3n Cruyff[:ca]N-ice present a l\u2019Open Day de la Fundaci\u00f3 Cruyff[:en]N-ice presente en el Open Day de la Fundaci\u00f3n Cruyff[:] - N-ice Skating\" \/>\n<meta property=\"og:description\" content=\"{:es}El pasado 7 de junio tuvo lugar el Open Day Cruyff Foundation. Cientos de ni\u00f1os con discapacidad disfrutaron un a\u00f1o m\u00e1s de una ma\u00f1ana de deporte.{:}\" \/>\n<meta property=\"og:url\" content=\"https:\/\/www.n-ice.net\/n-ice-presente-en-el-open-day-de-la-fundacion-cruyff\/\" \/>\n<meta property=\"og:site_name\" content=\"N-ice Skating\" \/>\n<meta property=\"article:publisher\" content=\"https:\/\/www.facebook.com\/niceskating\/\" \/>\n<meta property=\"article:published_time\" content=\"2019-08-02T15:17:20+00:00\" \/>\n<meta property=\"article:modified_time\" content=\"2023-09-30T17:46:41+00:00\" \/>\n<meta property=\"og:image\" content=\"https:\/\/www.n-ice.net\/wp-content\/uploads\/2019\/08\/N-ice-Pistes-de-gel-Blog-N-ice-present-a-lOpen-Day-de-la-Fundacio-Cruyff.jpg\" \/>\n\t<meta property=\"og:image:width\" content=\"1280\" \/>\n\t<meta property=\"og:image:height\" content=\"400\" \/>\n\t<meta property=\"og:image:type\" content=\"image\/jpeg\" \/>\n<meta name=\"author\" content=\"N-Ice\" \/>\n<meta name=\"twitter:card\" content=\"summary_large_image\" \/>\n<meta name=\"twitter:label1\" content=\"Written by\" \/>\n\t<meta name=\"twitter:data1\" content=\"N-Ice\" \/>\n\t<meta name=\"twitter:label2\" content=\"Est. reading time\" \/>\n\t<meta name=\"twitter:data2\" content=\"3 minutes\" \/>\n<script type=\"application\/ld+json\" class=\"yoast-schema-graph\">{\"@context\":\"https:\\\/\\\/schema.org\",\"@graph\":[{\"@type\":\"Article\",\"@id\":\"https:\\\/\\\/www.n-ice.net\\\/n-ice-presente-en-el-open-day-de-la-fundacion-cruyff\\\/#article\",\"isPartOf\":{\"@id\":\"https:\\\/\\\/www.n-ice.net\\\/n-ice-presente-en-el-open-day-de-la-fundacion-cruyff\\\/\"},\"author\":{\"name\":\"N-Ice\",\"@id\":\"https:\\\/\\\/www.n-ice.net\\\/#\\\/schema\\\/person\\\/582a7e9b55cd6d14517ebb5eeb564e67\"},\"headline\":\"N-ice presente en el Open Day de la Fundaci\u00f3n Cruyff\",\"datePublished\":\"2019-08-02T15:17:20+00:00\",\"dateModified\":\"2023-09-30T17:46:41+00:00\",\"mainEntityOfPage\":{\"@id\":\"https:\\\/\\\/www.n-ice.net\\\/n-ice-presente-en-el-open-day-de-la-fundacion-cruyff\\\/\"},\"wordCount\":643,\"publisher\":{\"@id\":\"https:\\\/\\\/www.n-ice.net\\\/#organization\"},\"image\":{\"@id\":\"https:\\\/\\\/www.n-ice.net\\\/n-ice-presente-en-el-open-day-de-la-fundacion-cruyff\\\/#primaryimage\"},\"thumbnailUrl\":\"https:\\\/\\\/www.n-ice.net\\\/wp-content\\\/uploads\\\/2019\\\/08\\\/N-ice-Pistes-de-gel-Blog-N-ice-present-a-lOpen-Day-de-la-Fundacio-Cruyff.jpg\",\"inLanguage\":\"en-US\"},{\"@type\":\"WebPage\",\"@id\":\"https:\\\/\\\/www.n-ice.net\\\/n-ice-presente-en-el-open-day-de-la-fundacion-cruyff\\\/\",\"url\":\"https:\\\/\\\/www.n-ice.net\\\/n-ice-presente-en-el-open-day-de-la-fundacion-cruyff\\\/\",\"name\":\"[:es]N-ice presente en el Open Day de la Fundaci\u00f3n Cruyff[:ca]N-ice present a l\u2019Open Day de la Fundaci\u00f3 Cruyff[:en]N-ice presente en el Open Day de la Fundaci\u00f3n Cruyff[:] - N-ice Skating\",\"isPartOf\":{\"@id\":\"https:\\\/\\\/www.n-ice.net\\\/#website\"},\"primaryImageOfPage\":{\"@id\":\"https:\\\/\\\/www.n-ice.net\\\/n-ice-presente-en-el-open-day-de-la-fundacion-cruyff\\\/#primaryimage\"},\"image\":{\"@id\":\"https:\\\/\\\/www.n-ice.net\\\/n-ice-presente-en-el-open-day-de-la-fundacion-cruyff\\\/#primaryimage\"},\"thumbnailUrl\":\"https:\\\/\\\/www.n-ice.net\\\/wp-content\\\/uploads\\\/2019\\\/08\\\/N-ice-Pistes-de-gel-Blog-N-ice-present-a-lOpen-Day-de-la-Fundacio-Cruyff.jpg\",\"datePublished\":\"2019-08-02T15:17:20+00:00\",\"dateModified\":\"2023-09-30T17:46:41+00:00\",\"description\":\"{:es}El pasado 7 de junio tuvo lugar el Open Day Cruyff Foundation. Cientos de ni\u00f1os con discapacidad disfrutaron un a\u00f1o m\u00e1s de una ma\u00f1ana de deporte.{:}\",\"breadcrumb\":{\"@id\":\"https:\\\/\\\/www.n-ice.net\\\/n-ice-presente-en-el-open-day-de-la-fundacion-cruyff\\\/#breadcrumb\"},\"inLanguage\":\"en-US\",\"potentialAction\":[{\"@type\":\"ReadAction\",\"target\":[\"https:\\\/\\\/www.n-ice.net\\\/n-ice-presente-en-el-open-day-de-la-fundacion-cruyff\\\/\"]}]},{\"@type\":\"ImageObject\",\"inLanguage\":\"en-US\",\"@id\":\"https:\\\/\\\/www.n-ice.net\\\/n-ice-presente-en-el-open-day-de-la-fundacion-cruyff\\\/#primaryimage\",\"url\":\"https:\\\/\\\/www.n-ice.net\\\/wp-content\\\/uploads\\\/2019\\\/08\\\/N-ice-Pistes-de-gel-Blog-N-ice-present-a-lOpen-Day-de-la-Fundacio-Cruyff.jpg\",\"contentUrl\":\"https:\\\/\\\/www.n-ice.net\\\/wp-content\\\/uploads\\\/2019\\\/08\\\/N-ice-Pistes-de-gel-Blog-N-ice-present-a-lOpen-Day-de-la-Fundacio-Cruyff.jpg\",\"width\":1280,\"height\":400,\"caption\":\"N-Ice - Real and synthetic ice tracks - Blog - N-ice present at the Open Day of the Cruyff Foundation\"},{\"@type\":\"BreadcrumbList\",\"@id\":\"https:\\\/\\\/www.n-ice.net\\\/n-ice-presente-en-el-open-day-de-la-fundacion-cruyff\\\/#breadcrumb\",\"itemListElement\":[{\"@type\":\"ListItem\",\"position\":1,\"name\":\"Home\",\"item\":\"https:\\\/\\\/www.n-ice.net\\\/\"},{\"@type\":\"ListItem\",\"position\":2,\"name\":\"N-ice presente en el Open Day de la Fundaci\u00f3n Cruyff\"}]},{\"@type\":\"WebSite\",\"@id\":\"https:\\\/\\\/www.n-ice.net\\\/#website\",\"url\":\"https:\\\/\\\/www.n-ice.net\\\/\",\"name\":\"N-ICE\",\"description\":\"Rental and sale of real ice rinks and synthetic ice\",\"publisher\":{\"@id\":\"https:\\\/\\\/www.n-ice.net\\\/#organization\"},\"potentialAction\":[{\"@type\":\"SearchAction\",\"target\":{\"@type\":\"EntryPoint\",\"urlTemplate\":\"https:\\\/\\\/www.n-ice.net\\\/?s={search_term_string}\"},\"query-input\":{\"@type\":\"PropertyValueSpecification\",\"valueRequired\":true,\"valueName\":\"search_term_string\"}}],\"inLanguage\":\"en-US\"},{\"@type\":\"Organization\",\"@id\":\"https:\\\/\\\/www.n-ice.net\\\/#organization\",\"name\":\"N-Ice\",\"url\":\"https:\\\/\\\/www.n-ice.net\\\/\",\"logo\":{\"@type\":\"ImageObject\",\"inLanguage\":\"en-US\",\"@id\":\"https:\\\/\\\/www.n-ice.net\\\/#\\\/schema\\\/logo\\\/image\\\/\",\"url\":\"https:\\\/\\\/www.n-ice.net\\\/wp-content\\\/uploads\\\/2019\\\/03\\\/nice-1.png\",\"contentUrl\":\"https:\\\/\\\/www.n-ice.net\\\/wp-content\\\/uploads\\\/2019\\\/03\\\/nice-1.png\",\"width\":200,\"height\":100,\"caption\":\"N-Ice\"},\"image\":{\"@id\":\"https:\\\/\\\/www.n-ice.net\\\/#\\\/schema\\\/logo\\\/image\\\/\"},\"sameAs\":[\"https:\\\/\\\/www.facebook.com\\\/niceskating\\\/\",\"https:\\\/\\\/www.instagram.com\\\/niceskating_pistasdehielo\\\/\",\"https:\\\/\\\/www.youtube.com\\\/user\\\/NICEskating\"]},{\"@type\":\"Person\",\"@id\":\"https:\\\/\\\/www.n-ice.net\\\/#\\\/schema\\\/person\\\/582a7e9b55cd6d14517ebb5eeb564e67\",\"name\":\"N-Ice\"}]}<\/script>\n<!-- \/ Yoast SEO plugin. -->","yoast_head_json":{"title":"[:es]N-ice presente en el Open Day de la Fundaci\u00f3n Cruyff[:ca]N-ice present a l\u2019Open Day de la Fundaci\u00f3 Cruyff[:en]N-ice presente en el Open Day de la Fundaci\u00f3n Cruyff[:] - N-ice Skating","description":"{:es}El pasado 7 de junio tuvo lugar el Open Day Cruyff Foundation. Cientos de ni\u00f1os con discapacidad disfrutaron un a\u00f1o m\u00e1s de una ma\u00f1ana de deporte.{:}","robots":{"index":"index","follow":"follow","max-snippet":"max-snippet:-1","max-image-preview":"max-image-preview:large","max-video-preview":"max-video-preview:-1"},"canonical":"https:\/\/www.n-ice.net\/n-ice-presente-en-el-open-day-de-la-fundacion-cruyff\/","og_locale":"en_US","og_type":"article","og_title":"[:es]N-ice presente en el Open Day de la Fundaci\u00f3n Cruyff[:ca]N-ice present a l\u2019Open Day de la Fundaci\u00f3 Cruyff[:en]N-ice presente en el Open Day de la Fundaci\u00f3n Cruyff[:] - N-ice Skating","og_description":"{:es}El pasado 7 de junio tuvo lugar el Open Day Cruyff Foundation. Cientos de ni\u00f1os con discapacidad disfrutaron un a\u00f1o m\u00e1s de una ma\u00f1ana de deporte.{:}","og_url":"https:\/\/www.n-ice.net\/n-ice-presente-en-el-open-day-de-la-fundacion-cruyff\/","og_site_name":"N-ice Skating","article_publisher":"https:\/\/www.facebook.com\/niceskating\/","article_published_time":"2019-08-02T15:17:20+00:00","article_modified_time":"2023-09-30T17:46:41+00:00","og_image":[{"width":1280,"height":400,"url":"https:\/\/www.n-ice.net\/wp-content\/uploads\/2019\/08\/N-ice-Pistes-de-gel-Blog-N-ice-present-a-lOpen-Day-de-la-Fundacio-Cruyff.jpg","type":"image\/jpeg"}],"author":"N-Ice","twitter_card":"summary_large_image","twitter_misc":{"Written by":"N-Ice","Est. reading time":"3 minutes"},"schema":{"@context":"https:\/\/schema.org","@graph":[{"@type":"Article","@id":"https:\/\/www.n-ice.net\/n-ice-presente-en-el-open-day-de-la-fundacion-cruyff\/#article","isPartOf":{"@id":"https:\/\/www.n-ice.net\/n-ice-presente-en-el-open-day-de-la-fundacion-cruyff\/"},"author":{"name":"N-Ice","@id":"https:\/\/www.n-ice.net\/#\/schema\/person\/582a7e9b55cd6d14517ebb5eeb564e67"},"headline":"N-ice presente en el Open Day de la Fundaci\u00f3n Cruyff","datePublished":"2019-08-02T15:17:20+00:00","dateModified":"2023-09-30T17:46:41+00:00","mainEntityOfPage":{"@id":"https:\/\/www.n-ice.net\/n-ice-presente-en-el-open-day-de-la-fundacion-cruyff\/"},"wordCount":643,"publisher":{"@id":"https:\/\/www.n-ice.net\/#organization"},"image":{"@id":"https:\/\/www.n-ice.net\/n-ice-presente-en-el-open-day-de-la-fundacion-cruyff\/#primaryimage"},"thumbnailUrl":"https:\/\/www.n-ice.net\/wp-content\/uploads\/2019\/08\/N-ice-Pistes-de-gel-Blog-N-ice-present-a-lOpen-Day-de-la-Fundacio-Cruyff.jpg","inLanguage":"en-US"},{"@type":"WebPage","@id":"https:\/\/www.n-ice.net\/n-ice-presente-en-el-open-day-de-la-fundacion-cruyff\/","url":"https:\/\/www.n-ice.net\/n-ice-presente-en-el-open-day-de-la-fundacion-cruyff\/","name":"[:es]N-ice presente en el Open Day de la Fundaci\u00f3n Cruyff[:ca]N-ice present a l\u2019Open Day de la Fundaci\u00f3 Cruyff[:en]N-ice presente en el Open Day de la Fundaci\u00f3n Cruyff[:] - N-ice Skating","isPartOf":{"@id":"https:\/\/www.n-ice.net\/#website"},"primaryImageOfPage":{"@id":"https:\/\/www.n-ice.net\/n-ice-presente-en-el-open-day-de-la-fundacion-cruyff\/#primaryimage"},"image":{"@id":"https:\/\/www.n-ice.net\/n-ice-presente-en-el-open-day-de-la-fundacion-cruyff\/#primaryimage"},"thumbnailUrl":"https:\/\/www.n-ice.net\/wp-content\/uploads\/2019\/08\/N-ice-Pistes-de-gel-Blog-N-ice-present-a-lOpen-Day-de-la-Fundacio-Cruyff.jpg","datePublished":"2019-08-02T15:17:20+00:00","dateModified":"2023-09-30T17:46:41+00:00","description":"{:es}El pasado 7 de junio tuvo lugar el Open Day Cruyff Foundation. Cientos de ni\u00f1os con discapacidad disfrutaron un a\u00f1o m\u00e1s de una ma\u00f1ana de deporte.{:}","breadcrumb":{"@id":"https:\/\/www.n-ice.net\/n-ice-presente-en-el-open-day-de-la-fundacion-cruyff\/#breadcrumb"},"inLanguage":"en-US","potentialAction":[{"@type":"ReadAction","target":["https:\/\/www.n-ice.net\/n-ice-presente-en-el-open-day-de-la-fundacion-cruyff\/"]}]},{"@type":"ImageObject","inLanguage":"en-US","@id":"https:\/\/www.n-ice.net\/n-ice-presente-en-el-open-day-de-la-fundacion-cruyff\/#primaryimage","url":"https:\/\/www.n-ice.net\/wp-content\/uploads\/2019\/08\/N-ice-Pistes-de-gel-Blog-N-ice-present-a-lOpen-Day-de-la-Fundacio-Cruyff.jpg","contentUrl":"https:\/\/www.n-ice.net\/wp-content\/uploads\/2019\/08\/N-ice-Pistes-de-gel-Blog-N-ice-present-a-lOpen-Day-de-la-Fundacio-Cruyff.jpg","width":1280,"height":400,"caption":"N-Ice - Real and synthetic ice tracks - Blog - N-ice present at the Open Day of the Cruyff Foundation"},{"@type":"BreadcrumbList","@id":"https:\/\/www.n-ice.net\/n-ice-presente-en-el-open-day-de-la-fundacion-cruyff\/#breadcrumb","itemListElement":[{"@type":"ListItem","position":1,"name":"Home","item":"https:\/\/www.n-ice.net\/"},{"@type":"ListItem","position":2,"name":"N-ice presente en el Open Day de la Fundaci\u00f3n Cruyff"}]},{"@type":"WebSite","@id":"https:\/\/www.n-ice.net\/#website","url":"https:\/\/www.n-ice.net\/","name":"N-ICE","description":"Rental and sale of real ice rinks and synthetic ice","publisher":{"@id":"https:\/\/www.n-ice.net\/#organization"},"potentialAction":[{"@type":"SearchAction","target":{"@type":"EntryPoint","urlTemplate":"https:\/\/www.n-ice.net\/?s={search_term_string}"},"query-input":{"@type":"PropertyValueSpecification","valueRequired":true,"valueName":"search_term_string"}}],"inLanguage":"en-US"},{"@type":"Organization","@id":"https:\/\/www.n-ice.net\/#organization","name":"N-Ice","url":"https:\/\/www.n-ice.net\/","logo":{"@type":"ImageObject","inLanguage":"en-US","@id":"https:\/\/www.n-ice.net\/#\/schema\/logo\/image\/","url":"https:\/\/www.n-ice.net\/wp-content\/uploads\/2019\/03\/nice-1.png","contentUrl":"https:\/\/www.n-ice.net\/wp-content\/uploads\/2019\/03\/nice-1.png","width":200,"height":100,"caption":"N-Ice"},"image":{"@id":"https:\/\/www.n-ice.net\/#\/schema\/logo\/image\/"},"sameAs":["https:\/\/www.facebook.com\/niceskating\/","https:\/\/www.instagram.com\/niceskating_pistasdehielo\/","https:\/\/www.youtube.com\/user\/NICEskating"]},{"@type":"Person","@id":"https:\/\/www.n-ice.net\/#\/schema\/person\/582a7e9b55cd6d14517ebb5eeb564e67","name":"N-Ice"}]}},"_links":{"self":[{"href":"https:\/\/www.n-ice.net\/en\/wp-json\/wp\/v2\/posts\/861","targetHints":{"allow":["GET"]}}],"collection":[{"href":"https:\/\/www.n-ice.net\/en\/wp-json\/wp\/v2\/posts"}],"about":[{"href":"https:\/\/www.n-ice.net\/en\/wp-json\/wp\/v2\/types\/post"}],"author":[{"embeddable":true,"href":"https:\/\/www.n-ice.net\/en\/wp-json\/wp\/v2\/users\/1"}],"replies":[{"embeddable":true,"href":"https:\/\/www.n-ice.net\/en\/wp-json\/wp\/v2\/comments?post=861"}],"version-history":[{"count":0,"href":"https:\/\/www.n-ice.net\/en\/wp-json\/wp\/v2\/posts\/861\/revisions"}],"wp:featuredmedia":[{"embeddable":true,"href":"https:\/\/www.n-ice.net\/en\/wp-json\/wp\/v2\/media\/2165"}],"wp:attachment":[{"href":"https:\/\/www.n-ice.net\/en\/wp-json\/wp\/v2\/media?parent=861"}],"wp:term":[{"taxonomy":"category","embeddable":true,"href":"https:\/\/www.n-ice.net\/en\/wp-json\/wp\/v2\/categories?post=861"},{"taxonomy":"post_tag","embeddable":true,"href":"https:\/\/www.n-ice.net\/en\/wp-json\/wp\/v2\/tags?post=861"}],"curies":[{"name":"wp","href":"https:\/\/api.w.org\/{rel}","templated":true}]}}